{"id":1079,"date":"2020-10-05T19:13:21","date_gmt":"2020-10-05T19:13:21","guid":{"rendered":"https:\/\/dnd-ozalj.hr\/?p=1079"},"modified":"2020-10-05T19:16:26","modified_gmt":"2020-10-05T19:16:26","slug":"novi-saziv-djecjeg-gradskog-vijeca-grada-ozlja","status":"publish","type":"post","link":"https:\/\/dnd-ozalj.hr\/index.php\/2020\/10\/05\/novi-saziv-djecjeg-gradskog-vijeca-grada-ozlja\/","title":{"rendered":"NOVI SAZIV DJE\u010cJEG GRADSKOG VIJE\u0106A GRADA OZLJA"},"content":{"rendered":"\n<p>Danas, 5.10.2020. zapo\u010delo je obilje\u017eavanje Dje\u010djeg tjedna, a u Ozlju smo ga otvorili sve\u010dano, sjednicom novog saziva Dje\u010djeg gradskog vije\u0107a Grada Ozlja. Vije\u0107e broji 9 \u010dlanova, a danas su izabrane dje\u010dja gradona\u010delnica Lea Bla\u017eina i njezina zamjenica Petra Trdin Jambrovi\u0107. Nove vije\u0107nike u njihovom \u0107e mandatu voditi Ivana Luk\u0161i\u0107. Na sjednicu su se odazvali i uva\u017eeni gosti: Gordana Lip\u0161ini\u0107, gradona\u010delnica grada Ozlja, Lidija Bo\u0161njak, pro\u010delnica jedinstvenog odjela Grada Ozlja, Toni \u0160ari\u0107, vi\u0161i stru\u010dni suradnik za gospodarstvo i projekte, Gordana Basar, ravnateljica O\u0160 &#8220;Slave Ra\u0161kaj&#8221; Ozalj i Martina Bogovi\u0107, predsjednica Dru\u0161tva Na\u0161a djeca Ozalj.<\/p>\n\n\n\n<p>\u010cestitamo dje\u010djoj gradona\u010delnici, njezinoj zamjenici i svim vije\u0107nicima na odabiru te im \u017eelimo uspjeh u radu.<\/p>\n\n\n\n<figure class=\"wp-block-image size-large\"><img decoding=\"async\" loading=\"lazy\" width=\"1024\" height=\"768\" src=\"https:\/\/dnd-ozalj.hr\/wp-content\/uploads\/2020\/10\/120805405_3242356695801731_3667498086669682972_o-1024x768.jpg\" alt=\"\" class=\"wp-image-1080\" srcset=\"https:\/\/dnd-ozalj.hr\/wp-content\/uploads\/2020\/10\/120805405_3242356695801731_3667498086669682972_o-1024x768.jpg 1024w, https:\/\/dnd-ozalj.hr\/wp-content\/uploads\/2020\/10\/120805405_3242356695801731_3667498086669682972_o-600x450.jpg 600w, https:\/\/dnd-ozalj.hr\/wp-content\/uploads\/2020\/10\/120805405_3242356695801731_3667498086669682972_o-300x225.jpg 300w, https:\/\/dnd-ozalj.hr\/wp-content\/uploads\/2020\/10\/120805405_3242356695801731_3667498086669682972_o-768x576.jpg 768w, https:\/\/dnd-ozalj.hr\/wp-content\/uploads\/2020\/10\/120805405_3242356695801731_3667498086669682972_o-1536x1152.jpg 1536w, https:\/\/dnd-ozalj.hr\/wp-content\/uploads\/2020\/10\/120805405_3242356695801731_3667498086669682972_o.jpg 1548w\" sizes=\"(max-width: 1024px) 100vw, 1024px\" \/><\/figure>\n\n\n\n<figure class=\"wp-block-image size-large\"><img decoding=\"async\" loading=\"lazy\" width=\"762\" height=\"1024\" src=\"https:\/\/dnd-ozalj.hr\/wp-content\/uploads\/2020\/10\/120832804_3242356872468380_5139519658257313402_o-762x1024.jpg\" alt=\"Gradona\u010delnica GOrdana Lip\u0161ini\u0107 i dje\u010dja gradona\u010delnica Lea Bla\u017eina\" class=\"wp-image-1081\" srcset=\"https:\/\/dnd-ozalj.hr\/wp-content\/uploads\/2020\/10\/120832804_3242356872468380_5139519658257313402_o-762x1024.jpg 762w, https:\/\/dnd-ozalj.hr\/wp-content\/uploads\/2020\/10\/120832804_3242356872468380_5139519658257313402_o-600x806.jpg 600w, https:\/\/dnd-ozalj.hr\/wp-content\/uploads\/2020\/10\/120832804_3242356872468380_5139519658257313402_o-223x300.jpg 223w, https:\/\/dnd-ozalj.hr\/wp-content\/uploads\/2020\/10\/120832804_3242356872468380_5139519658257313402_o-768x1032.jpg 768w, https:\/\/dnd-ozalj.hr\/wp-content\/uploads\/2020\/10\/120832804_3242356872468380_5139519658257313402_o-1143x1536.jpg 1143w, https:\/\/dnd-ozalj.hr\/wp-content\/uploads\/2020\/10\/120832804_3242356872468380_5139519658257313402_o.jpg 1152w\" sizes=\"(max-width: 762px) 100vw, 762px\" \/><\/figure>\n\n\n\n<figure class=\"wp-block-image size-large\"><img decoding=\"async\" loading=\"lazy\" width=\"1024\" height=\"768\" src=\"https:\/\/dnd-ozalj.hr\/wp-content\/uploads\/2020\/10\/121009493_3242356895801711_1717187105922726731_o-1024x768.jpg\" alt=\"\" class=\"wp-image-1082\" srcset=\"https:\/\/dnd-ozalj.hr\/wp-content\/uploads\/2020\/10\/121009493_3242356895801711_1717187105922726731_o-1024x768.jpg 1024w, https:\/\/dnd-ozalj.hr\/wp-content\/uploads\/2020\/10\/121009493_3242356895801711_1717187105922726731_o-600x450.jpg 600w, https:\/\/dnd-ozalj.hr\/wp-content\/uploads\/2020\/10\/121009493_3242356895801711_1717187105922726731_o-300x225.jpg 300w, https:\/\/dnd-ozalj.hr\/wp-content\/uploads\/2020\/10\/121009493_3242356895801711_1717187105922726731_o-768x576.jpg 768w, https:\/\/dnd-ozalj.hr\/wp-content\/uploads\/2020\/10\/121009493_3242356895801711_1717187105922726731_o-1536x1152.jpg 1536w, https:\/\/dnd-ozalj.hr\/wp-content\/uploads\/2020\/10\/121009493_3242356895801711_1717187105922726731_o.jpg 1548w\" sizes=\"(max-width: 1024px) 100vw, 1024px\" \/><\/figure>\n","protected":false},"excerpt":{"rendered":"<p>Danas, 5.10.2020. zapo\u010delo je obilje\u017eavanje Dje\u010djeg tjedna, a u Ozlju smo ga otvorili sve\u010dano, sjednicom novog saziva Dje\u010djeg gradskog vije\u0107a Grada Ozlja. Vije\u0107e broji 9 \u010dlanova, a danas su izabrane &#8230;<\/p>\n","protected":false},"author":1,"featured_media":1082,"comment_status":"closed","ping_status":"closed","sticky":false,"template":"","format":"standard","meta":[],"categories":[20],"tags":[27,35,36,24],"acf":[],"_links":{"self":[{"href":"https:\/\/dnd-ozalj.hr\/index.php\/wp-json\/wp\/v2\/posts\/1079"}],"collection":[{"href":"https:\/\/dnd-ozalj.hr\/index.php\/wp-json\/wp\/v2\/posts"}],"about":[{"href":"https:\/\/dnd-ozalj.hr\/index.php\/wp-json\/wp\/v2\/types\/post"}],"author":[{"embeddable":true,"href":"https:\/\/dnd-ozalj.hr\/index.php\/wp-json\/wp\/v2\/users\/1"}],"replies":[{"embeddable":true,"href":"https:\/\/dnd-ozalj.hr\/index.php\/wp-json\/wp\/v2\/comments?post=1079"}],"version-history":[{"count":2,"href":"https:\/\/dnd-ozalj.hr\/index.php\/wp-json\/wp\/v2\/posts\/1079\/revisions"}],"predecessor-version":[{"id":1084,"href":"https:\/\/dnd-ozalj.hr\/index.php\/wp-json\/wp\/v2\/posts\/1079\/revisions\/1084"}],"wp:featuredmedia":[{"embeddable":true,"href":"https:\/\/dnd-ozalj.hr\/index.php\/wp-json\/wp\/v2\/media\/1082"}],"wp:attachment":[{"href":"https:\/\/dnd-ozalj.hr\/index.php\/wp-json\/wp\/v2\/media?parent=1079"}],"wp:term":[{"taxonomy":"category","embeddable":true,"href":"https:\/\/dnd-ozalj.hr\/index.php\/wp-json\/wp\/v2\/categories?post=1079"},{"taxonomy":"post_tag","embeddable":true,"href":"https:\/\/dnd-ozalj.hr\/index.php\/wp-json\/wp\/v2\/tags?post=1079"}],"curies":[{"name":"wp","href":"https:\/\/api.w.org\/{rel}","templated":true}]}}